{"id":14970,"date":"2024-01-12T11:09:03","date_gmt":"2024-01-12T11:09:03","guid":{"rendered":"https:\/\/clrosquellas.com\/?p=14970"},"modified":"2024-01-12T11:09:04","modified_gmt":"2024-01-12T11:09:04","slug":"que-es-la-montanera","status":"publish","type":"post","link":"https:\/\/clrosquellas.com\/es\/que-es-la-montanera\/","title":{"rendered":"QUE ES LA MONTANERA?"},"content":{"rendered":"\n<p><\/p>\n\n\n\n<p>Desde <strong><a href=\"http:\/\/www.clrosquellas.com\">ROSQUELLAS <\/a><\/strong>le explicamos que es, una palabra que seguramente ha escoltado en varias ocasiones. La montanera es un punto clave de la alimentaci\u00f3n del Cerdo Ib\u00e9rico. Es en ese momento cuando la carne adquiere propiedades alimentarias peculiares y matices especiales. Todo se debe a la Bellota y sus cualidades entre las que destacan sus nutrientes y propiedades organol\u00e9pticas que se a\u00f1aden a la larga lista de m\u00e9ritos que ostenta el Cerdo Ib\u00e9rico. Desde Rosquellas colaboramos con diferentes fabricantes que disponen del c\u00edrculo cerrado con fincas de propiedad que hacen que la alimentaci\u00f3n de sus animales tenga una regularidad excepcional, como es el caso de <strong><a href=\"https:\/\/www.ibericosguillen.com\">IBERICOS GUILLEN<\/a><\/strong> de Guijuelo.<\/p>\n\n\n\n<figure class=\"wp-block-image size-large\"><img loading=\"lazy\" decoding=\"async\" width=\"1024\" height=\"410\" src=\"https:\/\/clrosquellas.com\/wp-content\/uploads\/2024\/01\/montanera-guillen-1-1024x410.jpg\" alt=\"\" class=\"wp-image-14986\" srcset=\"https:\/\/clrosquellas.com\/wp-content\/uploads\/2024\/01\/montanera-guillen-1-1024x410.jpg 1024w, https:\/\/clrosquellas.com\/wp-content\/uploads\/2024\/01\/montanera-guillen-1-300x120.jpg 300w, https:\/\/clrosquellas.com\/wp-content\/uploads\/2024\/01\/montanera-guillen-1-768x307.jpg 768w, https:\/\/clrosquellas.com\/wp-content\/uploads\/2024\/01\/montanera-guillen-1.jpg 1500w\" sizes=\"auto, (max-width: 1024px) 100vw, 1024px\" \/><\/figure>\n\n\n\n<p>La montanera es uno de los ejemplos m\u00e1s extraordinarios de simbiosis entre el reino animal y su medio; entre cerdo y dehesa. El per\u00edodo de montanera comienza a finales de octubre o, como dice la tradici\u00f3n, el d\u00eda de Todos los Santos y se prolonga hasta febrero. Este per\u00edodo podr\u00e1 variar seg\u00fan el clima o la calidad del bellota. Se elige esa fecha ya que es cuando la bellota est\u00e1 a su tiempo.<\/p>\n\n\n\n<figure class=\"wp-block-gallery has-nested-images columns-default is-cropped wp-block-gallery-1 is-layout-flex wp-block-gallery-is-layout-flex\">\n<figure class=\"wp-block-image size-medium\"><img loading=\"lazy\" decoding=\"async\" width=\"300\" height=\"300\" data-id=\"14973\" src=\"https:\/\/clrosquellas.com\/wp-content\/uploads\/2024\/01\/montanera-guillen-2-300x300.jpg\" alt=\"\" class=\"wp-image-14973\" srcset=\"https:\/\/clrosquellas.com\/wp-content\/uploads\/2024\/01\/montanera-guillen-2-300x300.jpg 300w, https:\/\/clrosquellas.com\/wp-content\/uploads\/2024\/01\/montanera-guillen-2-150x150.jpg 150w, https:\/\/clrosquellas.com\/wp-content\/uploads\/2024\/01\/montanera-guillen-2-768x768.jpg 768w, https:\/\/clrosquellas.com\/wp-content\/uploads\/2024\/01\/montanera-guillen-2-450x450.jpg 450w, https:\/\/clrosquellas.com\/wp-content\/uploads\/2024\/01\/montanera-guillen-2-106x106.jpg 106w, https:\/\/clrosquellas.com\/wp-content\/uploads\/2024\/01\/montanera-guillen-2-560x560.jpg 560w, https:\/\/clrosquellas.com\/wp-content\/uploads\/2024\/01\/montanera-guillen-2-70x70.jpg 70w, https:\/\/clrosquellas.com\/wp-content\/uploads\/2024\/01\/montanera-guillen-2.jpg 1000w\" sizes=\"auto, (max-width: 300px) 100vw, 300px\" \/><\/figure>\n\n\n\n<figure class=\"wp-block-image size-medium\"><img loading=\"lazy\" decoding=\"async\" width=\"300\" height=\"200\" data-id=\"14976\" src=\"https:\/\/clrosquellas.com\/wp-content\/uploads\/2024\/01\/montanera-guillen-3-300x200.jpg\" alt=\"\" class=\"wp-image-14976\" srcset=\"https:\/\/clrosquellas.com\/wp-content\/uploads\/2024\/01\/montanera-guillen-3-300x200.jpg 300w, https:\/\/clrosquellas.com\/wp-content\/uploads\/2024\/01\/montanera-guillen-3-1024x683.jpg 1024w, https:\/\/clrosquellas.com\/wp-content\/uploads\/2024\/01\/montanera-guillen-3-768x512.jpg 768w, https:\/\/clrosquellas.com\/wp-content\/uploads\/2024\/01\/montanera-guillen-3.jpg 1500w\" sizes=\"auto, (max-width: 300px) 100vw, 300px\" \/><\/figure>\n<\/figure>\n\n\n\n<p>El cerdo ib\u00e9rico en su ejercicio diario se alimentar\u00e1 de este fruto proveniente del alcornoque o encina y que ir\u00e1 encontrando en su paseo por la dehesa. Este h\u00e1bitat ser\u00e1 su hogar durante los siguientes meses. Pero no todos los cerdos son v\u00e1lidos para la vida en la dehesa. El cochinillo cuando llega al peso adecuado debe demostrar una serie de cualidades para afrontar las condiciones del nuevo entorno. La alimentaci\u00f3n de los cerdos ib\u00e9ricos durante esta etapa se caracteriza por la elevada presencia de l\u00edpidos e hidratos. Sin embargo, el nivel de infiltraci\u00f3n de grasa en la carne depender\u00e1 en un alto porcentaje de las condiciones gen\u00e9ticas previas de cada animal. Por eso los cerdos que viven en la dehesa son cuidadosamente elegidos. <\/p>\n\n\n\n<p><\/p>\n\n\n\n<p>Una buena montanera nos permite preparar con tiempo nuestros Jamones y Embutidos, respetando el proceso natural de curado y siguiendo la tradici\u00f3n. Pudiendo as\u00ed ofrecer a nuestros consumidores unos productos de mayor calidad, con una menor proporci\u00f3n de grasa y mayor presencia de magro.<\/p>\n","protected":false},"excerpt":{"rendered":"<p>MONTANERA<\/p>\n","protected":false},"author":1,"featured_media":0,"comment_status":"closed","ping_status":"open","sticky":false,"template":"","format":"standard","meta":{"footnotes":""},"categories":[65],"tags":[60,94,95,62,63],"class_list":["post-14970","post","type-post","status-publish","format-standard","hentry","category-noticies-es","tag-iberic-es","tag-lots-es","tag-lotsnadal-es","tag-pernils-es","tag-rosquellas-es"],"yoast_head":"<!-- This site is optimized with the Yoast SEO plugin v20.8 - https:\/\/yoast.com\/wordpress\/plugins\/seo\/ -->\n<title>QUE ES LA MONTANERA? - Comercial Lluis Rosquellas S.L<\/title>\n<meta name=\"robots\" content=\"index, follow, max-snippet:-1, max-image-preview:large, max-video-preview:-1\" \/>\n<link rel=\"canonical\" href=\"https:\/\/clrosquellas.com\/es\/que-es-la-montanera\/\" \/>\n<meta property=\"og:locale\" content=\"es_ES\" \/>\n<meta property=\"og:type\" content=\"article\" \/>\n<meta property=\"og:title\" content=\"QUE ES LA MONTANERA? - Comercial Lluis Rosquellas S.L\" \/>\n<meta property=\"og:description\" content=\"MONTANERA\" \/>\n<meta property=\"og:url\" content=\"https:\/\/clrosquellas.com\/es\/que-es-la-montanera\/\" \/>\n<meta property=\"og:site_name\" content=\"Comercial Lluis Rosquellas S.L\" \/>\n<meta property=\"article:published_time\" content=\"2024-01-12T11:09:03+00:00\" \/>\n<meta property=\"article:modified_time\" content=\"2024-01-12T11:09:04+00:00\" \/>\n<meta property=\"og:image\" content=\"https:\/\/clrosquellas.com\/wp-content\/uploads\/2024\/01\/montanera-guillen-1-1024x410.jpg\" \/>\n<meta name=\"author\" content=\"lluisrosquellas\" \/>\n<meta name=\"twitter:card\" content=\"summary_large_image\" \/>\n<meta name=\"twitter:label1\" content=\"Escrito por\" \/>\n\t<meta name=\"twitter:data1\" content=\"lluisrosquellas\" \/>\n\t<meta name=\"twitter:label2\" content=\"Tiempo de lectura\" \/>\n\t<meta name=\"twitter:data2\" content=\"3 minutos\" \/>\n<script type=\"application\/ld+json\" class=\"yoast-schema-graph\">{\"@context\":\"https:\/\/schema.org\",\"@graph\":[{\"@type\":\"WebPage\",\"@id\":\"https:\/\/clrosquellas.com\/es\/que-es-la-montanera\/\",\"url\":\"https:\/\/clrosquellas.com\/es\/que-es-la-montanera\/\",\"name\":\"QUE ES LA MONTANERA? - Comercial Lluis Rosquellas S.L\",\"isPartOf\":{\"@id\":\"https:\/\/clrosquellas.com\/ca\/#website\"},\"datePublished\":\"2024-01-12T11:09:03+00:00\",\"dateModified\":\"2024-01-12T11:09:04+00:00\",\"author\":{\"@id\":\"https:\/\/clrosquellas.com\/ca\/#\/schema\/person\/9e9a142ccafd6cf558dc24ef89dfd8c9\"},\"breadcrumb\":{\"@id\":\"https:\/\/clrosquellas.com\/es\/que-es-la-montanera\/#breadcrumb\"},\"inLanguage\":\"es\",\"potentialAction\":[{\"@type\":\"ReadAction\",\"target\":[\"https:\/\/clrosquellas.com\/es\/que-es-la-montanera\/\"]}]},{\"@type\":\"BreadcrumbList\",\"@id\":\"https:\/\/clrosquellas.com\/es\/que-es-la-montanera\/#breadcrumb\",\"itemListElement\":[{\"@type\":\"ListItem\",\"position\":1,\"name\":\"Inici\",\"item\":\"https:\/\/clrosquellas.com\/es\/\"},{\"@type\":\"ListItem\",\"position\":2,\"name\":\"QUE ES LA MONTANERA?\"}]},{\"@type\":\"WebSite\",\"@id\":\"https:\/\/clrosquellas.com\/ca\/#website\",\"url\":\"https:\/\/clrosquellas.com\/ca\/\",\"name\":\"Comercial Lluis Rosquellas S.L\",\"description\":\"\",\"potentialAction\":[{\"@type\":\"SearchAction\",\"target\":{\"@type\":\"EntryPoint\",\"urlTemplate\":\"https:\/\/clrosquellas.com\/ca\/?s={search_term_string}\"},\"query-input\":\"required name=search_term_string\"}],\"inLanguage\":\"es\"},{\"@type\":\"Person\",\"@id\":\"https:\/\/clrosquellas.com\/ca\/#\/schema\/person\/9e9a142ccafd6cf558dc24ef89dfd8c9\",\"name\":\"lluisrosquellas\",\"image\":{\"@type\":\"ImageObject\",\"inLanguage\":\"es\",\"@id\":\"https:\/\/clrosquellas.com\/ca\/#\/schema\/person\/image\/\",\"url\":\"https:\/\/secure.gravatar.com\/avatar\/bd97f5b72d32ab1eb054d6f41706dcd5b0e2f8f7fe37764d03f4bcd8e8daf13e?s=96&d=mm&r=g\",\"contentUrl\":\"https:\/\/secure.gravatar.com\/avatar\/bd97f5b72d32ab1eb054d6f41706dcd5b0e2f8f7fe37764d03f4bcd8e8daf13e?s=96&d=mm&r=g\",\"caption\":\"lluisrosquellas\"},\"sameAs\":[\"http:\/\/clrosquellas.com\"],\"url\":\"https:\/\/clrosquellas.com\/es\/author\/lluisrosquellas\/\"}]}<\/script>\n<!-- \/ Yoast SEO plugin. -->","yoast_head_json":{"title":"QUE ES LA MONTANERA? - Comercial Lluis Rosquellas S.L","robots":{"index":"index","follow":"follow","max-snippet":"max-snippet:-1","max-image-preview":"max-image-preview:large","max-video-preview":"max-video-preview:-1"},"canonical":"https:\/\/clrosquellas.com\/es\/que-es-la-montanera\/","og_locale":"es_ES","og_type":"article","og_title":"QUE ES LA MONTANERA? - Comercial Lluis Rosquellas S.L","og_description":"MONTANERA","og_url":"https:\/\/clrosquellas.com\/es\/que-es-la-montanera\/","og_site_name":"Comercial Lluis Rosquellas S.L","article_published_time":"2024-01-12T11:09:03+00:00","article_modified_time":"2024-01-12T11:09:04+00:00","og_image":[{"url":"https:\/\/clrosquellas.com\/wp-content\/uploads\/2024\/01\/montanera-guillen-1-1024x410.jpg"}],"author":"lluisrosquellas","twitter_card":"summary_large_image","twitter_misc":{"Escrito por":"lluisrosquellas","Tiempo de lectura":"3 minutos"},"schema":{"@context":"https:\/\/schema.org","@graph":[{"@type":"WebPage","@id":"https:\/\/clrosquellas.com\/es\/que-es-la-montanera\/","url":"https:\/\/clrosquellas.com\/es\/que-es-la-montanera\/","name":"QUE ES LA MONTANERA? - Comercial Lluis Rosquellas S.L","isPartOf":{"@id":"https:\/\/clrosquellas.com\/ca\/#website"},"datePublished":"2024-01-12T11:09:03+00:00","dateModified":"2024-01-12T11:09:04+00:00","author":{"@id":"https:\/\/clrosquellas.com\/ca\/#\/schema\/person\/9e9a142ccafd6cf558dc24ef89dfd8c9"},"breadcrumb":{"@id":"https:\/\/clrosquellas.com\/es\/que-es-la-montanera\/#breadcrumb"},"inLanguage":"es","potentialAction":[{"@type":"ReadAction","target":["https:\/\/clrosquellas.com\/es\/que-es-la-montanera\/"]}]},{"@type":"BreadcrumbList","@id":"https:\/\/clrosquellas.com\/es\/que-es-la-montanera\/#breadcrumb","itemListElement":[{"@type":"ListItem","position":1,"name":"Inici","item":"https:\/\/clrosquellas.com\/es\/"},{"@type":"ListItem","position":2,"name":"QUE ES LA MONTANERA?"}]},{"@type":"WebSite","@id":"https:\/\/clrosquellas.com\/ca\/#website","url":"https:\/\/clrosquellas.com\/ca\/","name":"Comercial Lluis Rosquellas S.L","description":"","potentialAction":[{"@type":"SearchAction","target":{"@type":"EntryPoint","urlTemplate":"https:\/\/clrosquellas.com\/ca\/?s={search_term_string}"},"query-input":"required name=search_term_string"}],"inLanguage":"es"},{"@type":"Person","@id":"https:\/\/clrosquellas.com\/ca\/#\/schema\/person\/9e9a142ccafd6cf558dc24ef89dfd8c9","name":"lluisrosquellas","image":{"@type":"ImageObject","inLanguage":"es","@id":"https:\/\/clrosquellas.com\/ca\/#\/schema\/person\/image\/","url":"https:\/\/secure.gravatar.com\/avatar\/bd97f5b72d32ab1eb054d6f41706dcd5b0e2f8f7fe37764d03f4bcd8e8daf13e?s=96&d=mm&r=g","contentUrl":"https:\/\/secure.gravatar.com\/avatar\/bd97f5b72d32ab1eb054d6f41706dcd5b0e2f8f7fe37764d03f4bcd8e8daf13e?s=96&d=mm&r=g","caption":"lluisrosquellas"},"sameAs":["http:\/\/clrosquellas.com"],"url":"https:\/\/clrosquellas.com\/es\/author\/lluisrosquellas\/"}]}},"_links":{"self":[{"href":"https:\/\/clrosquellas.com\/es\/wp-json\/wp\/v2\/posts\/14970","targetHints":{"allow":["GET"]}}],"collection":[{"href":"https:\/\/clrosquellas.com\/es\/wp-json\/wp\/v2\/posts"}],"about":[{"href":"https:\/\/clrosquellas.com\/es\/wp-json\/wp\/v2\/types\/post"}],"author":[{"embeddable":true,"href":"https:\/\/clrosquellas.com\/es\/wp-json\/wp\/v2\/users\/1"}],"replies":[{"embeddable":true,"href":"https:\/\/clrosquellas.com\/es\/wp-json\/wp\/v2\/comments?post=14970"}],"version-history":[{"count":5,"href":"https:\/\/clrosquellas.com\/es\/wp-json\/wp\/v2\/posts\/14970\/revisions"}],"predecessor-version":[{"id":14990,"href":"https:\/\/clrosquellas.com\/es\/wp-json\/wp\/v2\/posts\/14970\/revisions\/14990"}],"wp:attachment":[{"href":"https:\/\/clrosquellas.com\/es\/wp-json\/wp\/v2\/media?parent=14970"}],"wp:term":[{"taxonomy":"category","embeddable":true,"href":"https:\/\/clrosquellas.com\/es\/wp-json\/wp\/v2\/categories?post=14970"},{"taxonomy":"post_tag","embeddable":true,"href":"https:\/\/clrosquellas.com\/es\/wp-json\/wp\/v2\/tags?post=14970"}],"curies":[{"name":"wp","href":"https:\/\/api.w.org\/{rel}","templated":true}]}}