{"id":15100,"date":"2024-05-03T11:16:00","date_gmt":"2024-05-03T11:16:00","guid":{"rendered":"https:\/\/clrosquellas.com\/?p=15100"},"modified":"2024-05-03T11:16:01","modified_gmt":"2024-05-03T11:16:01","slug":"pernil-iberic-proces-de-curacio","status":"publish","type":"post","link":"https:\/\/clrosquellas.com\/ca\/pernil-iberic-proces-de-curacio\/","title":{"rendered":"PERNIL IBERIC -PROCES DE CURACI\u00d3-"},"content":{"rendered":"\n<p id=\"tw-target-text\">Recolzant-nos al nostre fabricant <strong><a href=\"http:\/\/www.ibericosguillen.com\">IBERICOS GUILLEN<\/a><\/strong> us explicarem el proc\u00e9s de curaci\u00f3 del pernil ib\u00e8ric<br><br>El pernil ib\u00e8ric \u00e9s una de les menges m\u00e9s apreciades a la gastronomia espanyola. El sabor \u00fanic i la textura delicada s\u00f3n el resultat d&#8217;un proc\u00e9s de curaci\u00f3 meticul\u00f3s i tradicional. En aquesta entrada explorarem els diferents passos que se segueixen per obtenir un pernil ib\u00e8ric de qualitat excepcional.<br><br><strong>1. Selecci\u00f3 de la mat\u00e8ria primera:<\/strong><br>El proc\u00e9s de curaci\u00f3 comen\u00e7a amb la selecci\u00f3 dels porcs ib\u00e8rics de ra\u00e7a pura, criats en condicions \u00f2ptimes i alimentats amb una dieta especial basada en glans. Aquesta alimentaci\u00f3 \u00e9s fonamental per al desenvolupament del sabor i la textura caracter\u00edstics del pernil ib\u00e8ric.<br><br><strong>2. Sala\u00f3:<\/strong><br>Un cop sacrificat el porc, es procedeix a la sala\u00f3 del pernil. Es cobreix amb sal marina durant un per\u00edode de temps determinat, depenent del pes del pernil. La sal penetra a la carn, deshidratant-la i preservant-la.<br><\/p>\n\n\n\n<figure class=\"wp-block-image size-full\"><img loading=\"lazy\" decoding=\"async\" width=\"779\" height=\"803\" src=\"https:\/\/clrosquellas.com\/wp-content\/uploads\/2024\/05\/SALAZON-2.jpg\" alt=\"\" class=\"wp-image-15101\" srcset=\"https:\/\/clrosquellas.com\/wp-content\/uploads\/2024\/05\/SALAZON-2.jpg 779w, https:\/\/clrosquellas.com\/wp-content\/uploads\/2024\/05\/SALAZON-2-291x300.jpg 291w, https:\/\/clrosquellas.com\/wp-content\/uploads\/2024\/05\/SALAZON-2-768x792.jpg 768w\" sizes=\"auto, (max-width: 779px) 100vw, 779px\" \/><\/figure>\n\n\n\n<p id=\"tw-target-text\"><strong>3. Rentat i rep\u00f2s:<\/strong><br>Despr\u00e9s de la sala\u00f3, el pernil es renta per eliminar l&#8217;exc\u00e9s de sal i es deixa reposar a c\u00e0meres especials. Durant aquest rep\u00f2s, la sal es distribueix de manera uniforme a la carn i comen\u00e7a el proc\u00e9s de deshidrataci\u00f3<br><\/p>\n\n\n\n<figure class=\"wp-block-image size-full\"><img loading=\"lazy\" decoding=\"async\" width=\"672\" height=\"664\" src=\"https:\/\/clrosquellas.com\/wp-content\/uploads\/2024\/05\/JAMON-GUILLEN-1.jpg\" alt=\"PERNIL IBERIC PROCES DE CURACIO\n\" class=\"wp-image-15103\" srcset=\"https:\/\/clrosquellas.com\/wp-content\/uploads\/2024\/05\/JAMON-GUILLEN-1.jpg 672w, https:\/\/clrosquellas.com\/wp-content\/uploads\/2024\/05\/JAMON-GUILLEN-1-300x296.jpg 300w, https:\/\/clrosquellas.com\/wp-content\/uploads\/2024\/05\/JAMON-GUILLEN-1-106x106.jpg 106w, https:\/\/clrosquellas.com\/wp-content\/uploads\/2024\/05\/JAMON-GUILLEN-1-70x70.jpg 70w\" sizes=\"auto, (max-width: 672px) 100vw, 672px\" \/><\/figure>\n\n\n\n<p id=\"tw-target-text\"><strong>4. Assecat<\/strong><br>El pernil es penja en assecadors naturals, on se sotmet a un proc\u00e9s d&#8217;assecat lent i controlat. La temperatura i la humitat s\u00f3n factors clau en aquesta etapa, ja que influeixen en la formaci\u00f3 de les caracter\u00edstiques vetes de greix infiltrat i en el desenvolupament dels sabors i aromes del pernil.<\/p>\n\n\n\n<figure class=\"wp-block-image size-full\"><img loading=\"lazy\" decoding=\"async\" width=\"754\" height=\"757\" src=\"https:\/\/clrosquellas.com\/wp-content\/uploads\/2024\/05\/JAMONES-2-GUILLEN-1.jpg\" alt=\"\" class=\"wp-image-15105\" srcset=\"https:\/\/clrosquellas.com\/wp-content\/uploads\/2024\/05\/JAMONES-2-GUILLEN-1.jpg 754w, https:\/\/clrosquellas.com\/wp-content\/uploads\/2024\/05\/JAMONES-2-GUILLEN-1-300x300.jpg 300w, https:\/\/clrosquellas.com\/wp-content\/uploads\/2024\/05\/JAMONES-2-GUILLEN-1-150x150.jpg 150w, https:\/\/clrosquellas.com\/wp-content\/uploads\/2024\/05\/JAMONES-2-GUILLEN-1-106x106.jpg 106w, https:\/\/clrosquellas.com\/wp-content\/uploads\/2024\/05\/JAMONES-2-GUILLEN-1-70x70.jpg 70w\" sizes=\"auto, (max-width: 754px) 100vw, 754px\" \/><\/figure>\n\n\n\n<p id=\"tw-target-text\"><strong>5. Maduraci\u00f3:<\/strong><br>La maduraci\u00f3 \u00e9s l&#8217;etapa m\u00e9s llarga i cabdal del proc\u00e9s de curaci\u00f3. El pernil es trasllada a cellers on se sotmet a un per\u00edode de temps perllongat, que pot variar des de diversos mesos fins a diversos anys. Durant aquest temps, el pernil perd aigua i es concentren els sabors i aromes, adquirint la seva textura i sabor \u00fanics.<\/p>\n\n\n\n<figure class=\"wp-block-image size-full\"><img loading=\"lazy\" decoding=\"async\" width=\"797\" height=\"794\" src=\"https:\/\/clrosquellas.com\/wp-content\/uploads\/2024\/05\/SECADERO-GUILLEN-1.jpg\" alt=\"\" class=\"wp-image-15107\" srcset=\"https:\/\/clrosquellas.com\/wp-content\/uploads\/2024\/05\/SECADERO-GUILLEN-1.jpg 797w, https:\/\/clrosquellas.com\/wp-content\/uploads\/2024\/05\/SECADERO-GUILLEN-1-300x300.jpg 300w, https:\/\/clrosquellas.com\/wp-content\/uploads\/2024\/05\/SECADERO-GUILLEN-1-150x150.jpg 150w, https:\/\/clrosquellas.com\/wp-content\/uploads\/2024\/05\/SECADERO-GUILLEN-1-768x765.jpg 768w, https:\/\/clrosquellas.com\/wp-content\/uploads\/2024\/05\/SECADERO-GUILLEN-1-106x106.jpg 106w, https:\/\/clrosquellas.com\/wp-content\/uploads\/2024\/05\/SECADERO-GUILLEN-1-70x70.jpg 70w\" sizes=\"auto, (max-width: 797px) 100vw, 797px\" \/><\/figure>\n\n\n\n<p id=\"tw-target-text\">El proc\u00e9s de curaci\u00f3 del pernil ib\u00e8ric \u00e9s un art que requereix paci\u00e8ncia, experi\u00e8ncia i coneixement. Cada pas, des de la selecci\u00f3 de la mat\u00e8ria primera fins a la maduraci\u00f3 a cellers, contribueix a crear un producte excepcional. El resultat final \u00e9s un pernil ib\u00e8ric de qualitat suprema, amb un sabor i una textura que delecten els paladars m\u00e9s exigents<br><a href=\"\nhttp:\/\/www.ibericosguillen.com\"><br><strong>http:\/\/www.ibericosguillen.com<\/strong><\/a><\/p>\n","protected":false},"excerpt":{"rendered":"<p>PERNIL IBERIC PROCES DE CURACIO<\/p>\n","protected":false},"author":1,"featured_media":0,"comment_status":"closed","ping_status":"open","sticky":false,"template":"","format":"standard","meta":{"footnotes":""},"categories":[58],"tags":[56,89,57,53,54],"class_list":["post-15100","post","type-post","status-publish","format-standard","hentry","category-noticies","tag-iberic","tag-jamon-2","tag-jamones","tag-pernils","tag-rosquellas"],"yoast_head":"<!-- This site is optimized with the Yoast SEO plugin v20.8 - https:\/\/yoast.com\/wordpress\/plugins\/seo\/ -->\n<title>PERNIL IBERIC -PROCES DE CURACI\u00d3- Comercial Lluis Rosquellas S.L<\/title>\n<meta name=\"description\" content=\"PERNIL IBERIC PROCES DE CURACIO\" \/>\n<meta name=\"robots\" content=\"index, follow, max-snippet:-1, max-image-preview:large, max-video-preview:-1\" \/>\n<link rel=\"canonical\" href=\"https:\/\/clrosquellas.com\/ca\/pernil-iberic-proces-de-curacio\/\" \/>\n<meta property=\"og:locale\" content=\"ca_ES\" \/>\n<meta property=\"og:type\" content=\"article\" \/>\n<meta property=\"og:title\" content=\"PERNIL IBERIC -PROCES DE CURACI\u00d3- Comercial Lluis Rosquellas S.L\" \/>\n<meta property=\"og:description\" content=\"PERNIL IBERIC PROCES DE CURACIO\" \/>\n<meta property=\"og:url\" content=\"https:\/\/clrosquellas.com\/ca\/pernil-iberic-proces-de-curacio\/\" \/>\n<meta property=\"og:site_name\" content=\"Comercial Lluis Rosquellas S.L\" \/>\n<meta property=\"article:published_time\" content=\"2024-05-03T11:16:00+00:00\" \/>\n<meta property=\"article:modified_time\" content=\"2024-05-03T11:16:01+00:00\" \/>\n<meta property=\"og:image\" content=\"https:\/\/clrosquellas.com\/wp-content\/uploads\/2024\/05\/SALAZON-2.jpg\" \/>\n<meta name=\"author\" content=\"lluisrosquellas\" \/>\n<meta name=\"twitter:card\" content=\"summary_large_image\" \/>\n<meta name=\"twitter:label1\" content=\"Escrit per\" \/>\n\t<meta name=\"twitter:data1\" content=\"lluisrosquellas\" \/>\n\t<meta name=\"twitter:label2\" content=\"Temps estimat de lectura\" \/>\n\t<meta name=\"twitter:data2\" content=\"3 minuts\" \/>\n<script type=\"application\/ld+json\" class=\"yoast-schema-graph\">{\"@context\":\"https:\/\/schema.org\",\"@graph\":[{\"@type\":\"WebPage\",\"@id\":\"https:\/\/clrosquellas.com\/ca\/pernil-iberic-proces-de-curacio\/\",\"url\":\"https:\/\/clrosquellas.com\/ca\/pernil-iberic-proces-de-curacio\/\",\"name\":\"PERNIL IBERIC -PROCES DE CURACI\u00d3- Comercial Lluis Rosquellas S.L\",\"isPartOf\":{\"@id\":\"https:\/\/clrosquellas.com\/ca\/#website\"},\"datePublished\":\"2024-05-03T11:16:00+00:00\",\"dateModified\":\"2024-05-03T11:16:01+00:00\",\"author\":{\"@id\":\"https:\/\/clrosquellas.com\/ca\/#\/schema\/person\/9e9a142ccafd6cf558dc24ef89dfd8c9\"},\"description\":\"PERNIL IBERIC PROCES DE CURACIO\",\"breadcrumb\":{\"@id\":\"https:\/\/clrosquellas.com\/ca\/pernil-iberic-proces-de-curacio\/#breadcrumb\"},\"inLanguage\":\"ca\",\"potentialAction\":[{\"@type\":\"ReadAction\",\"target\":[\"https:\/\/clrosquellas.com\/ca\/pernil-iberic-proces-de-curacio\/\"]}]},{\"@type\":\"BreadcrumbList\",\"@id\":\"https:\/\/clrosquellas.com\/ca\/pernil-iberic-proces-de-curacio\/#breadcrumb\",\"itemListElement\":[{\"@type\":\"ListItem\",\"position\":1,\"name\":\"Inici\",\"item\":\"https:\/\/clrosquellas.com\/ca\/\"},{\"@type\":\"ListItem\",\"position\":2,\"name\":\"PERNIL IBERIC -PROCES DE CURACI\u00d3-\"}]},{\"@type\":\"WebSite\",\"@id\":\"https:\/\/clrosquellas.com\/ca\/#website\",\"url\":\"https:\/\/clrosquellas.com\/ca\/\",\"name\":\"Comercial Lluis Rosquellas S.L\",\"description\":\"\",\"potentialAction\":[{\"@type\":\"SearchAction\",\"target\":{\"@type\":\"EntryPoint\",\"urlTemplate\":\"https:\/\/clrosquellas.com\/ca\/?s={search_term_string}\"},\"query-input\":\"required name=search_term_string\"}],\"inLanguage\":\"ca\"},{\"@type\":\"Person\",\"@id\":\"https:\/\/clrosquellas.com\/ca\/#\/schema\/person\/9e9a142ccafd6cf558dc24ef89dfd8c9\",\"name\":\"lluisrosquellas\",\"image\":{\"@type\":\"ImageObject\",\"inLanguage\":\"ca\",\"@id\":\"https:\/\/clrosquellas.com\/ca\/#\/schema\/person\/image\/\",\"url\":\"https:\/\/secure.gravatar.com\/avatar\/bd97f5b72d32ab1eb054d6f41706dcd5b0e2f8f7fe37764d03f4bcd8e8daf13e?s=96&d=mm&r=g\",\"contentUrl\":\"https:\/\/secure.gravatar.com\/avatar\/bd97f5b72d32ab1eb054d6f41706dcd5b0e2f8f7fe37764d03f4bcd8e8daf13e?s=96&d=mm&r=g\",\"caption\":\"lluisrosquellas\"},\"sameAs\":[\"http:\/\/clrosquellas.com\"],\"url\":\"https:\/\/clrosquellas.com\/ca\/author\/lluisrosquellas\/\"}]}<\/script>\n<!-- \/ Yoast SEO plugin. -->","yoast_head_json":{"title":"PERNIL IBERIC -PROCES DE CURACI\u00d3- Comercial Lluis Rosquellas S.L","description":"PERNIL IBERIC PROCES DE CURACIO","robots":{"index":"index","follow":"follow","max-snippet":"max-snippet:-1","max-image-preview":"max-image-preview:large","max-video-preview":"max-video-preview:-1"},"canonical":"https:\/\/clrosquellas.com\/ca\/pernil-iberic-proces-de-curacio\/","og_locale":"ca_ES","og_type":"article","og_title":"PERNIL IBERIC -PROCES DE CURACI\u00d3- Comercial Lluis Rosquellas S.L","og_description":"PERNIL IBERIC PROCES DE CURACIO","og_url":"https:\/\/clrosquellas.com\/ca\/pernil-iberic-proces-de-curacio\/","og_site_name":"Comercial Lluis Rosquellas S.L","article_published_time":"2024-05-03T11:16:00+00:00","article_modified_time":"2024-05-03T11:16:01+00:00","og_image":[{"url":"https:\/\/clrosquellas.com\/wp-content\/uploads\/2024\/05\/SALAZON-2.jpg"}],"author":"lluisrosquellas","twitter_card":"summary_large_image","twitter_misc":{"Escrit per":"lluisrosquellas","Temps estimat de lectura":"3 minuts"},"schema":{"@context":"https:\/\/schema.org","@graph":[{"@type":"WebPage","@id":"https:\/\/clrosquellas.com\/ca\/pernil-iberic-proces-de-curacio\/","url":"https:\/\/clrosquellas.com\/ca\/pernil-iberic-proces-de-curacio\/","name":"PERNIL IBERIC -PROCES DE CURACI\u00d3- Comercial Lluis Rosquellas S.L","isPartOf":{"@id":"https:\/\/clrosquellas.com\/ca\/#website"},"datePublished":"2024-05-03T11:16:00+00:00","dateModified":"2024-05-03T11:16:01+00:00","author":{"@id":"https:\/\/clrosquellas.com\/ca\/#\/schema\/person\/9e9a142ccafd6cf558dc24ef89dfd8c9"},"description":"PERNIL IBERIC PROCES DE CURACIO","breadcrumb":{"@id":"https:\/\/clrosquellas.com\/ca\/pernil-iberic-proces-de-curacio\/#breadcrumb"},"inLanguage":"ca","potentialAction":[{"@type":"ReadAction","target":["https:\/\/clrosquellas.com\/ca\/pernil-iberic-proces-de-curacio\/"]}]},{"@type":"BreadcrumbList","@id":"https:\/\/clrosquellas.com\/ca\/pernil-iberic-proces-de-curacio\/#breadcrumb","itemListElement":[{"@type":"ListItem","position":1,"name":"Inici","item":"https:\/\/clrosquellas.com\/ca\/"},{"@type":"ListItem","position":2,"name":"PERNIL IBERIC -PROCES DE CURACI\u00d3-"}]},{"@type":"WebSite","@id":"https:\/\/clrosquellas.com\/ca\/#website","url":"https:\/\/clrosquellas.com\/ca\/","name":"Comercial Lluis Rosquellas S.L","description":"","potentialAction":[{"@type":"SearchAction","target":{"@type":"EntryPoint","urlTemplate":"https:\/\/clrosquellas.com\/ca\/?s={search_term_string}"},"query-input":"required name=search_term_string"}],"inLanguage":"ca"},{"@type":"Person","@id":"https:\/\/clrosquellas.com\/ca\/#\/schema\/person\/9e9a142ccafd6cf558dc24ef89dfd8c9","name":"lluisrosquellas","image":{"@type":"ImageObject","inLanguage":"ca","@id":"https:\/\/clrosquellas.com\/ca\/#\/schema\/person\/image\/","url":"https:\/\/secure.gravatar.com\/avatar\/bd97f5b72d32ab1eb054d6f41706dcd5b0e2f8f7fe37764d03f4bcd8e8daf13e?s=96&d=mm&r=g","contentUrl":"https:\/\/secure.gravatar.com\/avatar\/bd97f5b72d32ab1eb054d6f41706dcd5b0e2f8f7fe37764d03f4bcd8e8daf13e?s=96&d=mm&r=g","caption":"lluisrosquellas"},"sameAs":["http:\/\/clrosquellas.com"],"url":"https:\/\/clrosquellas.com\/ca\/author\/lluisrosquellas\/"}]}},"_links":{"self":[{"href":"https:\/\/clrosquellas.com\/ca\/wp-json\/wp\/v2\/posts\/15100","targetHints":{"allow":["GET"]}}],"collection":[{"href":"https:\/\/clrosquellas.com\/ca\/wp-json\/wp\/v2\/posts"}],"about":[{"href":"https:\/\/clrosquellas.com\/ca\/wp-json\/wp\/v2\/types\/post"}],"author":[{"embeddable":true,"href":"https:\/\/clrosquellas.com\/ca\/wp-json\/wp\/v2\/users\/1"}],"replies":[{"embeddable":true,"href":"https:\/\/clrosquellas.com\/ca\/wp-json\/wp\/v2\/comments?post=15100"}],"version-history":[{"count":1,"href":"https:\/\/clrosquellas.com\/ca\/wp-json\/wp\/v2\/posts\/15100\/revisions"}],"predecessor-version":[{"id":15109,"href":"https:\/\/clrosquellas.com\/ca\/wp-json\/wp\/v2\/posts\/15100\/revisions\/15109"}],"wp:attachment":[{"href":"https:\/\/clrosquellas.com\/ca\/wp-json\/wp\/v2\/media?parent=15100"}],"wp:term":[{"taxonomy":"category","embeddable":true,"href":"https:\/\/clrosquellas.com\/ca\/wp-json\/wp\/v2\/categories?post=15100"},{"taxonomy":"post_tag","embeddable":true,"href":"https:\/\/clrosquellas.com\/ca\/wp-json\/wp\/v2\/tags?post=15100"}],"curies":[{"name":"wp","href":"https:\/\/api.w.org\/{rel}","templated":true}]}}