{"id":14709,"date":"2023-09-13T15:45:26","date_gmt":"2023-09-13T15:45:26","guid":{"rendered":"https:\/\/clrosquellas.com\/?p=14709"},"modified":"2023-11-15T09:30:15","modified_gmt":"2023-11-15T09:30:15","slug":"formatge-ovella-quevedo","status":"publish","type":"post","link":"https:\/\/clrosquellas.com\/ca\/formatge-ovella-quevedo\/","title":{"rendered":"FORMATGE OVELLA QUEVEDO"},"content":{"rendered":"\n<p>Una obra d&#8217;art formatgera! Descobreix el <a href=\"https:\/\/clrosquellas.com\/ca\/em_portfolios\/formatges\/\">Formatge<\/a> d&#8217;<strong>Ovella de Llet Crua<\/strong> <strong>Quevedo<\/strong>, amb una curaci\u00f3 excepcional de 9 mesos que li atorga un bouquet manteg\u00f3s i persist\u00e8ncia exquisida a la boca.<img loading=\"lazy\" decoding=\"async\" height=\"16\" width=\"16\" src=\"https:\/\/static.xx.fbcdn.net\/images\/emoji.php\/v9\/t3e\/1\/16\/1f9c0.png\" alt=\"\ud83e\uddc0\"><\/p>\n\n\n\n<p><img loading=\"lazy\" decoding=\"async\" height=\"16\" width=\"16\" src=\"https:\/\/static.xx.fbcdn.net\/images\/emoji.php\/v9\/tbe\/1\/16\/1f3c6.png\" alt=\"\ud83c\udfc6\"> Guanyador del prestigi\u00f3s <strong>Cincho de Oro als Cheese Awards del 2016,<\/strong> aquest formatge \u00e9s un veritable tresor gastron\u00f2mic.<\/p>\n\n\n\n<p>Elaborat amb llet crua d&#8217;ovella de les races Churra i Castellana, alimentades amb les pastures de Cerrato, Vall d&#8217;Esgueva i Riberes del Pisuerga, aporta una llet de <a><\/a>qualitat inigualable, amb elevat contingut de prote\u00efnes i greixos.<img loading=\"lazy\" decoding=\"async\" height=\"16\" width=\"16\" alt=\"\ud83e\udd5b\" src=\"https:\/\/static.xx.fbcdn.net\/images\/emoji.php\/v9\/tde\/1\/16\/1f95b.png\"><img loading=\"lazy\" decoding=\"async\" height=\"16\" width=\"16\" alt=\"\ud83c\udfe1\" src=\"https:\/\/static.xx.fbcdn.net\/images\/emoji.php\/v9\/t77\/1\/16\/1f3e1.png\"><\/p>\n\n\n\n<p><img loading=\"lazy\" decoding=\"async\" height=\"16\" width=\"16\" src=\"https:\/\/static.xx.fbcdn.net\/images\/emoji.php\/v9\/t69\/1\/16\/1f331.png\" alt=\"\ud83c\udf31\"> Si ets un amant dels formatges aut\u00e8ntics i saborosos, aquest \u00e9s el teu capritx. Deixa&#8217;ns saber si ja t&#8217;has deixat seduir per aquesta del\u00edcia formatgera!<\/p>\n\n\n\n<p><img loading=\"lazy\" decoding=\"async\" height=\"16\" width=\"16\" src=\"https:\/\/static.xx.fbcdn.net\/images\/emoji.php\/v9\/t4d\/1\/16\/1f4de.png\" alt=\"\ud83d\udcde\"> Per a m\u00e9s informaci\u00f3 contacta&#8217;ns al 938833672 o <a href=\"https:\/\/clrosquellas.com\/ca\/contacte\/\">https:\/\/clrosquellas.com\/ca\/contacte\/<\/a><\/p>\n\n\n\n<figure class=\"wp-block-image size-full\"><img loading=\"lazy\" decoding=\"async\" width=\"526\" height=\"526\" src=\"https:\/\/clrosquellas.com\/wp-content\/uploads\/2023\/09\/QUESO-QUEVEDO.jpg\" alt=\"FORMATGE QUEVEDO CURAT VELL LLET CRUA\" class=\"wp-image-14710\" srcset=\"https:\/\/clrosquellas.com\/wp-content\/uploads\/2023\/09\/QUESO-QUEVEDO.jpg 526w, https:\/\/clrosquellas.com\/wp-content\/uploads\/2023\/09\/QUESO-QUEVEDO-300x300.jpg 300w, https:\/\/clrosquellas.com\/wp-content\/uploads\/2023\/09\/QUESO-QUEVEDO-150x150.jpg 150w, https:\/\/clrosquellas.com\/wp-content\/uploads\/2023\/09\/QUESO-QUEVEDO-450x450.jpg 450w, https:\/\/clrosquellas.com\/wp-content\/uploads\/2023\/09\/QUESO-QUEVEDO-106x106.jpg 106w, https:\/\/clrosquellas.com\/wp-content\/uploads\/2023\/09\/QUESO-QUEVEDO-70x70.jpg 70w\" sizes=\"auto, (max-width: 526px) 100vw, 526px\" \/><\/figure>\n\n\n\n<p><a href=\"https:\/\/queso-quevedo.es\/\">https:\/\/queso-quevedo.es\/<\/a><\/p>\n\n\n\n<p><a href=\"https:\/\/www.facebook.com\/hashtag\/formatgequevedo?__eep__=6&amp;__cft__[0]=AZWGC7DEgWQs5c_i1u-hjqRqlWw5RNWvsrNXz77PsUpNXj5-9-xpJTGea1TcpsaNlfRQujbVwwXaJhpU5qxb-6_W1u0WzfpbcFzyQ7lI2jLGGFfJ1_05OpZTRXpeWzjQOFmTebBHUumoFlQ8k2YerorhgiVARGx_RD5CRVCshn_0u5y20wksHTudpBDWfC4TVNg&amp;__tn__=*NK-R\">#FormatgeQuevedo<\/a><a href=\"https:\/\/www.facebook.com\/hashtag\/gastronomia?__eep__=6&amp;__cft__[0]=AZWGC7DEgWQs5c_i1u-hjqRqlWw5RNWvsrNXz77PsUpNXj5-9-xpJTGea1TcpsaNlfRQujbVwwXaJhpU5qxb-6_W1u0WzfpbcFzyQ7lI2jLGGFfJ1_05OpZTRXpeWzjQOFmTebBHUumoFlQ8k2YerorhgiVARGx_RD5CRVCshn_0u5y20wksHTudpBDWfC4TVNg&amp;__tn__=*NK-R\">#Gastronomia<\/a><a href=\"https:\/\/www.facebook.com\/hashtag\/del%C3%ADciesgourmet?__eep__=6&amp;__cft__[0]=AZWGC7DEgWQs5c_i1u-hjqRqlWw5RNWvsrNXz77PsUpNXj5-9-xpJTGea1TcpsaNlfRQujbVwwXaJhpU5qxb-6_W1u0WzfpbcFzyQ7lI2jLGGFfJ1_05OpZTRXpeWzjQOFmTebBHUumoFlQ8k2YerorhgiVARGx_RD5CRVCshn_0u5y20wksHTudpBDWfC4TVNg&amp;__tn__=*NK-R\">#Del\u00edciesGourmet<\/a><a href=\"https:\/\/www.facebook.com\/hashtag\/formatgesdovella?__eep__=6&amp;__cft__[0]=AZWGC7DEgWQs5c_i1u-hjqRqlWw5RNWvsrNXz77PsUpNXj5-9-xpJTGea1TcpsaNlfRQujbVwwXaJhpU5qxb-6_W1u0WzfpbcFzyQ7lI2jLGGFfJ1_05OpZTRXpeWzjQOFmTebBHUumoFlQ8k2YerorhgiVARGx_RD5CRVCshn_0u5y20wksHTudpBDWfC4TVNg&amp;__tn__=*NK-R\">#FormatgesDOvella<\/a><a href=\"https:\/\/www.facebook.com\/hashtag\/aut%C3%A8nticsabor?__eep__=6&amp;__cft__[0]=AZWGC7DEgWQs5c_i1u-hjqRqlWw5RNWvsrNXz77PsUpNXj5-9-xpJTGea1TcpsaNlfRQujbVwwXaJhpU5qxb-6_W1u0WzfpbcFzyQ7lI2jLGGFfJ1_05OpZTRXpeWzjQOFmTebBHUumoFlQ8k2YerorhgiVARGx_RD5CRVCshn_0u5y20wksHTudpBDWfC4TVNg&amp;__tn__=*NK-R\">#Aut\u00e8nticSabor<\/a><\/p>\n","protected":false},"excerpt":{"rendered":"<p>FORMATGE LLET CRUA QUEVEDO<\/p>\n","protected":false},"author":1,"featured_media":0,"comment_status":"closed","ping_status":"open","sticky":false,"template":"","format":"standard","meta":{"footnotes":""},"categories":[58],"tags":[78,80,77,79],"class_list":["post-14709","post","type-post","status-publish","format-standard","hentry","category-noticies","tag-formatge","tag-lletcrua","tag-queso-2","tag-quevedo"],"yoast_head":"<!-- This site is optimized with the Yoast SEO plugin v20.8 - https:\/\/yoast.com\/wordpress\/plugins\/seo\/ -->\n<title>FORMATGE OVELLA QUEVEDO - Comercial Lluis Rosquellas S.L<\/title>\n<meta name=\"description\" content=\"Com a distribu\u00efdors de formatges us recomanem el formatge d&#039;ovella de llet crua QUEVEDO. Una obra d&#039;art.\" \/>\n<meta name=\"robots\" content=\"index, follow, max-snippet:-1, max-image-preview:large, max-video-preview:-1\" \/>\n<link rel=\"canonical\" href=\"https:\/\/clrosquellas.com\/ca\/formatge-ovella-quevedo\/\" \/>\n<meta property=\"og:locale\" content=\"ca_ES\" \/>\n<meta property=\"og:type\" content=\"article\" \/>\n<meta property=\"og:title\" content=\"FORMATGE OVELLA QUEVEDO - Comercial Lluis Rosquellas S.L\" \/>\n<meta property=\"og:description\" content=\"Com a distribu\u00efdors de formatges us recomanem el formatge d&#039;ovella de llet crua QUEVEDO. Una obra d&#039;art.\" \/>\n<meta property=\"og:url\" content=\"https:\/\/clrosquellas.com\/ca\/formatge-ovella-quevedo\/\" \/>\n<meta property=\"og:site_name\" content=\"Comercial Lluis Rosquellas S.L\" \/>\n<meta property=\"article:published_time\" content=\"2023-09-13T15:45:26+00:00\" \/>\n<meta property=\"article:modified_time\" content=\"2023-11-15T09:30:15+00:00\" \/>\n<meta property=\"og:image\" content=\"https:\/\/static.xx.fbcdn.net\/images\/emoji.php\/v9\/t3e\/1\/16\/1f9c0.png\" \/>\n<meta name=\"author\" content=\"lluisrosquellas\" \/>\n<meta name=\"twitter:card\" content=\"summary_large_image\" \/>\n<meta name=\"twitter:label1\" content=\"Escrit per\" \/>\n\t<meta name=\"twitter:data1\" content=\"lluisrosquellas\" \/>\n\t<meta name=\"twitter:label2\" content=\"Temps estimat de lectura\" \/>\n\t<meta name=\"twitter:data2\" content=\"3 minuts\" \/>\n<script type=\"application\/ld+json\" class=\"yoast-schema-graph\">{\"@context\":\"https:\/\/schema.org\",\"@graph\":[{\"@type\":\"WebPage\",\"@id\":\"https:\/\/clrosquellas.com\/ca\/formatge-ovella-quevedo\/\",\"url\":\"https:\/\/clrosquellas.com\/ca\/formatge-ovella-quevedo\/\",\"name\":\"FORMATGE OVELLA QUEVEDO - Comercial Lluis Rosquellas S.L\",\"isPartOf\":{\"@id\":\"https:\/\/clrosquellas.com\/ca\/#website\"},\"datePublished\":\"2023-09-13T15:45:26+00:00\",\"dateModified\":\"2023-11-15T09:30:15+00:00\",\"author\":{\"@id\":\"https:\/\/clrosquellas.com\/ca\/#\/schema\/person\/9e9a142ccafd6cf558dc24ef89dfd8c9\"},\"description\":\"Com a distribu\u00efdors de formatges us recomanem el formatge d'ovella de llet crua QUEVEDO. Una obra d'art.\",\"breadcrumb\":{\"@id\":\"https:\/\/clrosquellas.com\/ca\/formatge-ovella-quevedo\/#breadcrumb\"},\"inLanguage\":\"ca\",\"potentialAction\":[{\"@type\":\"ReadAction\",\"target\":[\"https:\/\/clrosquellas.com\/ca\/formatge-ovella-quevedo\/\"]}]},{\"@type\":\"BreadcrumbList\",\"@id\":\"https:\/\/clrosquellas.com\/ca\/formatge-ovella-quevedo\/#breadcrumb\",\"itemListElement\":[{\"@type\":\"ListItem\",\"position\":1,\"name\":\"Inici\",\"item\":\"https:\/\/clrosquellas.com\/ca\/\"},{\"@type\":\"ListItem\",\"position\":2,\"name\":\"FORMATGE OVELLA QUEVEDO\"}]},{\"@type\":\"WebSite\",\"@id\":\"https:\/\/clrosquellas.com\/ca\/#website\",\"url\":\"https:\/\/clrosquellas.com\/ca\/\",\"name\":\"Comercial Lluis Rosquellas S.L\",\"description\":\"\",\"potentialAction\":[{\"@type\":\"SearchAction\",\"target\":{\"@type\":\"EntryPoint\",\"urlTemplate\":\"https:\/\/clrosquellas.com\/ca\/?s={search_term_string}\"},\"query-input\":\"required name=search_term_string\"}],\"inLanguage\":\"ca\"},{\"@type\":\"Person\",\"@id\":\"https:\/\/clrosquellas.com\/ca\/#\/schema\/person\/9e9a142ccafd6cf558dc24ef89dfd8c9\",\"name\":\"lluisrosquellas\",\"image\":{\"@type\":\"ImageObject\",\"inLanguage\":\"ca\",\"@id\":\"https:\/\/clrosquellas.com\/ca\/#\/schema\/person\/image\/\",\"url\":\"https:\/\/secure.gravatar.com\/avatar\/bd97f5b72d32ab1eb054d6f41706dcd5b0e2f8f7fe37764d03f4bcd8e8daf13e?s=96&d=mm&r=g\",\"contentUrl\":\"https:\/\/secure.gravatar.com\/avatar\/bd97f5b72d32ab1eb054d6f41706dcd5b0e2f8f7fe37764d03f4bcd8e8daf13e?s=96&d=mm&r=g\",\"caption\":\"lluisrosquellas\"},\"sameAs\":[\"http:\/\/clrosquellas.com\"],\"url\":\"https:\/\/clrosquellas.com\/ca\/author\/lluisrosquellas\/\"}]}<\/script>\n<!-- \/ Yoast SEO plugin. -->","yoast_head_json":{"title":"FORMATGE OVELLA QUEVEDO - Comercial Lluis Rosquellas S.L","description":"Com a distribu\u00efdors de formatges us recomanem el formatge d'ovella de llet crua QUEVEDO. Una obra d'art.","robots":{"index":"index","follow":"follow","max-snippet":"max-snippet:-1","max-image-preview":"max-image-preview:large","max-video-preview":"max-video-preview:-1"},"canonical":"https:\/\/clrosquellas.com\/ca\/formatge-ovella-quevedo\/","og_locale":"ca_ES","og_type":"article","og_title":"FORMATGE OVELLA QUEVEDO - Comercial Lluis Rosquellas S.L","og_description":"Com a distribu\u00efdors de formatges us recomanem el formatge d'ovella de llet crua QUEVEDO. Una obra d'art.","og_url":"https:\/\/clrosquellas.com\/ca\/formatge-ovella-quevedo\/","og_site_name":"Comercial Lluis Rosquellas S.L","article_published_time":"2023-09-13T15:45:26+00:00","article_modified_time":"2023-11-15T09:30:15+00:00","og_image":[{"url":"https:\/\/static.xx.fbcdn.net\/images\/emoji.php\/v9\/t3e\/1\/16\/1f9c0.png"}],"author":"lluisrosquellas","twitter_card":"summary_large_image","twitter_misc":{"Escrit per":"lluisrosquellas","Temps estimat de lectura":"3 minuts"},"schema":{"@context":"https:\/\/schema.org","@graph":[{"@type":"WebPage","@id":"https:\/\/clrosquellas.com\/ca\/formatge-ovella-quevedo\/","url":"https:\/\/clrosquellas.com\/ca\/formatge-ovella-quevedo\/","name":"FORMATGE OVELLA QUEVEDO - Comercial Lluis Rosquellas S.L","isPartOf":{"@id":"https:\/\/clrosquellas.com\/ca\/#website"},"datePublished":"2023-09-13T15:45:26+00:00","dateModified":"2023-11-15T09:30:15+00:00","author":{"@id":"https:\/\/clrosquellas.com\/ca\/#\/schema\/person\/9e9a142ccafd6cf558dc24ef89dfd8c9"},"description":"Com a distribu\u00efdors de formatges us recomanem el formatge d'ovella de llet crua QUEVEDO. Una obra d'art.","breadcrumb":{"@id":"https:\/\/clrosquellas.com\/ca\/formatge-ovella-quevedo\/#breadcrumb"},"inLanguage":"ca","potentialAction":[{"@type":"ReadAction","target":["https:\/\/clrosquellas.com\/ca\/formatge-ovella-quevedo\/"]}]},{"@type":"BreadcrumbList","@id":"https:\/\/clrosquellas.com\/ca\/formatge-ovella-quevedo\/#breadcrumb","itemListElement":[{"@type":"ListItem","position":1,"name":"Inici","item":"https:\/\/clrosquellas.com\/ca\/"},{"@type":"ListItem","position":2,"name":"FORMATGE OVELLA QUEVEDO"}]},{"@type":"WebSite","@id":"https:\/\/clrosquellas.com\/ca\/#website","url":"https:\/\/clrosquellas.com\/ca\/","name":"Comercial Lluis Rosquellas S.L","description":"","potentialAction":[{"@type":"SearchAction","target":{"@type":"EntryPoint","urlTemplate":"https:\/\/clrosquellas.com\/ca\/?s={search_term_string}"},"query-input":"required name=search_term_string"}],"inLanguage":"ca"},{"@type":"Person","@id":"https:\/\/clrosquellas.com\/ca\/#\/schema\/person\/9e9a142ccafd6cf558dc24ef89dfd8c9","name":"lluisrosquellas","image":{"@type":"ImageObject","inLanguage":"ca","@id":"https:\/\/clrosquellas.com\/ca\/#\/schema\/person\/image\/","url":"https:\/\/secure.gravatar.com\/avatar\/bd97f5b72d32ab1eb054d6f41706dcd5b0e2f8f7fe37764d03f4bcd8e8daf13e?s=96&d=mm&r=g","contentUrl":"https:\/\/secure.gravatar.com\/avatar\/bd97f5b72d32ab1eb054d6f41706dcd5b0e2f8f7fe37764d03f4bcd8e8daf13e?s=96&d=mm&r=g","caption":"lluisrosquellas"},"sameAs":["http:\/\/clrosquellas.com"],"url":"https:\/\/clrosquellas.com\/ca\/author\/lluisrosquellas\/"}]}},"_links":{"self":[{"href":"https:\/\/clrosquellas.com\/ca\/wp-json\/wp\/v2\/posts\/14709","targetHints":{"allow":["GET"]}}],"collection":[{"href":"https:\/\/clrosquellas.com\/ca\/wp-json\/wp\/v2\/posts"}],"about":[{"href":"https:\/\/clrosquellas.com\/ca\/wp-json\/wp\/v2\/types\/post"}],"author":[{"embeddable":true,"href":"https:\/\/clrosquellas.com\/ca\/wp-json\/wp\/v2\/users\/1"}],"replies":[{"embeddable":true,"href":"https:\/\/clrosquellas.com\/ca\/wp-json\/wp\/v2\/comments?post=14709"}],"version-history":[{"count":4,"href":"https:\/\/clrosquellas.com\/ca\/wp-json\/wp\/v2\/posts\/14709\/revisions"}],"predecessor-version":[{"id":14945,"href":"https:\/\/clrosquellas.com\/ca\/wp-json\/wp\/v2\/posts\/14709\/revisions\/14945"}],"wp:attachment":[{"href":"https:\/\/clrosquellas.com\/ca\/wp-json\/wp\/v2\/media?parent=14709"}],"wp:term":[{"taxonomy":"category","embeddable":true,"href":"https:\/\/clrosquellas.com\/ca\/wp-json\/wp\/v2\/categories?post=14709"},{"taxonomy":"post_tag","embeddable":true,"href":"https:\/\/clrosquellas.com\/ca\/wp-json\/wp\/v2\/tags?post=14709"}],"curies":[{"name":"wp","href":"https:\/\/api.w.org\/{rel}","templated":true}]}}